{"id":7992,"date":"2024-03-17T20:47:11","date_gmt":"2024-03-17T23:47:11","guid":{"rendered":"https:\/\/www.diariodelujan.com\/?p=7992"},"modified":"2024-03-17T20:47:11","modified_gmt":"2024-03-17T23:47:11","slug":"flandria-cayo-ante-dep-merlo-2-a-0-de-local","status":"publish","type":"post","link":"https:\/\/diariodelujan.com\/xdeporte\/flandria-cayo-ante-dep-merlo-2-a-0-de-local\/","title":{"rendered":"Flandria cay\u00f3 ante Dep. Merlo 2 a 0 de local"},"content":{"rendered":"<p><span style=\"font-family: georgia, palatino, serif; font-size: 14pt;\"><em>Con goles de Gonz\u00e1lez y S\u00e1nchez para la visita, Flandria volvi\u00f3 a caer (0 a 2) y se aleja de los primeros puestos.<\/em><\/span><!--more--><\/p>\n<p>[dropcap]E[\/dropcap]n el encuentro disputado este domingo por la 8\u00b0 fecha del Campeonato Primera B Temporada 2024, Dep. Merlo se llev\u00f3 los tres puntos frente a Flandria en el Carlos V en un partido para el olvido para el canario.<\/p>\n<p>En el minuto 48 del primer tiempo, Miqueas Gonz\u00e1lez anot\u00f3 el gol que dio la ventaja a Dep. Merlo, mientras que Rodrigo S\u00e1nchez sentenci\u00f3 el partido en el minuto 16 de la segunda mitad al vencer al portero rival.<\/p>\n<p>&nbsp;<\/p>\n<p>El partido tuvo gran cantidad de amonestados: Rodrigo S\u00e1nchez, Miqueas Gonz\u00e1lez, Eugenio Raggio, Facundo Aguerre, Leonardo Gonzalez y Lucas Chaparro.<\/p>\n<p>Eugenio Raggio fue expulsado al recibir su segunda amarilla, en el minuto 48 del segundo tiempo.<\/p>\n<p>Walter D\u00edaz, DT de Flandria, present\u00f3 una disposici\u00f3n t\u00e1ctica 4-3-3 con Federico D\u00edaz en el arco; Juan Manuel Cabrera, Emilio Su\u00e1rez, Eugenio Raggio y Franco Canever en la l\u00ednea defensiva; Alejandro Gonz\u00e1lez, Iv\u00e1n Becker y Mariano Sagristani en el medio; y Franco Bustamante, Juan Cruz Franzoni y Leonardo Gonzalez en el ataque.<\/p>\n<p>Por su parte, el conjunto de Daniel Delgado sali\u00f3 con una disposici\u00f3n t\u00e1ctica 4-4-2 con Mart\u00edn R\u00edos bajo los tres palos; Lorenzo Monti, Lucas Chaparro, Pablo Ordano y Fernando Ferreyra en defensa; Nahuel Casasola, Lautaro Arellano, Facundo Aguerre y Mariano Penepil en la mitad de cancha; y Miqueas Gonz\u00e1lez y Rodrigo S\u00e1nchez en la delantera.<\/p>\n<p>Juan Robledo fue el encargado de supervisar el orden del juego durante el partido.<\/p>\n<p>En la pr\u00f3xima jornada Flandria enfrentar\u00e1 de visitante a Laferrere, mientras que Dep. Merlo jugar\u00e1 de visitante frente a Dock Sud.<\/p>\n<h4>Cambios en Flandria<\/h4>\n<p>67&#8242; 2T &#8211; Sali\u00f3 Mariano Sagristani por Mauro Bellone<br \/>\n68&#8242; 2T &#8211; Sali\u00f3 Franco Canever por Francisco Ortigosa<br \/>\n73&#8242; 2T &#8211; Salieron Juan Cruz Franzoni por Luca Navarra y Leonardo Hern\u00e1n Gonzalez por Juan Pablo Z\u00e1rate Fagiuoli<\/p>\n<h5><strong>Cambios en Dep. Merlo<\/strong><\/h5>\n<p>59&#8242; 2T &#8211; Sali\u00f3 Lautaro Arellano por Gonzalo Ariel Sarsotto<br \/>\n74&#8242; 2T &#8211; Sali\u00f3 Fernando Dar\u00edo Ferreyra por Joan Manuel Gaona<br \/>\n80&#8242; 2T &#8211; Sali\u00f3 Miqueas Owen Gonz\u00e1lez por Renzo Valent\u00edn Umeres<\/p>\n","protected":false},"excerpt":{"rendered":"<p>Con goles de Gonz\u00e1lez y S\u00e1nchez para la visita, Flandria volvi\u00f3 a caer (0 a 2) y se aleja de los primeros puestos.<\/p>\n","protected":false},"author":4,"featured_media":7995,"comment_status":"closed","ping_status":"closed","sticky":false,"template":"","format":"standard","meta":{"tdm_status":"","tdm_grid_status":"","footnotes":""},"categories":[8],"tags":[186,208,173,22],"class_list":{"0":"post-7992","1":"post","2":"type-post","3":"status-publish","4":"format-standard","5":"has-post-thumbnail","7":"category-futbol","8":"tag-b-metro","9":"tag-flandia","10":"tag-futbol","11":"tag-promocion"},"_links":{"self":[{"href":"https:\/\/diariodelujan.com\/xdeporte\/wp-json\/wp\/v2\/posts\/7992","targetHints":{"allow":["GET"]}}],"collection":[{"href":"https:\/\/diariodelujan.com\/xdeporte\/wp-json\/wp\/v2\/posts"}],"about":[{"href":"https:\/\/diariodelujan.com\/xdeporte\/wp-json\/wp\/v2\/types\/post"}],"author":[{"embeddable":true,"href":"https:\/\/diariodelujan.com\/xdeporte\/wp-json\/wp\/v2\/users\/4"}],"replies":[{"embeddable":true,"href":"https:\/\/diariodelujan.com\/xdeporte\/wp-json\/wp\/v2\/comments?post=7992"}],"version-history":[{"count":0,"href":"https:\/\/diariodelujan.com\/xdeporte\/wp-json\/wp\/v2\/posts\/7992\/revisions"}],"wp:featuredmedia":[{"embeddable":true,"href":"https:\/\/diariodelujan.com\/xdeporte\/wp-json\/wp\/v2\/media\/7995"}],"wp:attachment":[{"href":"https:\/\/diariodelujan.com\/xdeporte\/wp-json\/wp\/v2\/media?parent=7992"}],"wp:term":[{"taxonomy":"category","embeddable":true,"href":"https:\/\/diariodelujan.com\/xdeporte\/wp-json\/wp\/v2\/categories?post=7992"},{"taxonomy":"post_tag","embeddable":true,"href":"https:\/\/diariodelujan.com\/xdeporte\/wp-json\/wp\/v2\/tags?post=7992"}],"curies":[{"name":"wp","href":"https:\/\/api.w.org\/{rel}","templated":true}]}}