{"id":808,"date":"2023-10-27T13:55:00","date_gmt":"2023-10-27T16:55:00","guid":{"rendered":"https:\/\/www.diariodelujan.com\/?p=808"},"modified":"2023-10-27T13:55:00","modified_gmt":"2023-10-27T16:55:00","slug":"el-timon-volvio-a-coronarse-como-campeon","status":"publish","type":"post","link":"https:\/\/diariodelujan.com\/xdeporte\/el-timon-volvio-a-coronarse-como-campeon\/","title":{"rendered":"El Tim\u00f3n volvi\u00f3 a coronarse como campe\u00f3n"},"content":{"rendered":"<p><span style=\"font-family: georgia, palatino, serif; font-size: 17px;\"><em>Los palistas de el Tim\u00f3n lograron otra coronaci\u00f3n en el Torneo de velocidad disputado en Las Flores a dos fechas del final.<\/em><\/span><!--more--><\/p>\n<p><img loading=\"lazy\" decoding=\"async\" src=\"https:\/\/diariodelujan.com\/xdeporte\/wp-content\/uploads\/2023\/10\/palistas-el-timon-3.webp\" alt=\"palistas el timon\" width=\"1147\" height=\"801\" class=\"alignnone size-full wp-image-814\" title=\"\" srcset=\"https:\/\/diariodelujan.com\/xdeporte\/wp-content\/uploads\/2023\/10\/palistas-el-timon-3.webp 1147w, https:\/\/diariodelujan.com\/xdeporte\/wp-content\/uploads\/2023\/10\/palistas-el-timon-3-300x210.webp 300w, https:\/\/diariodelujan.com\/xdeporte\/wp-content\/uploads\/2023\/10\/palistas-el-timon-3-1024x715.webp 1024w, https:\/\/diariodelujan.com\/xdeporte\/wp-content\/uploads\/2023\/10\/palistas-el-timon-3-768x536.webp 768w, https:\/\/diariodelujan.com\/xdeporte\/wp-content\/uploads\/2023\/10\/palistas-el-timon-3-601x420.webp 601w, https:\/\/diariodelujan.com\/xdeporte\/wp-content\/uploads\/2023\/10\/palistas-el-timon-3-696x486.webp 696w, https:\/\/diariodelujan.com\/xdeporte\/wp-content\/uploads\/2023\/10\/palistas-el-timon-3-1068x746.webp 1068w\" sizes=\"auto, (max-width: 1147px) 100vw, 1147px\" \/><\/p>\n<p>[dropcap]C[\/dropcap]on la presencia m\u00e1s de 400 palistas se realiz\u00f3 la 3\u00b0 fecha del Campeonato Provincial de Velocidad en la laguna del Difunto Manuel del Parque Plaza Montero, con la muy buena organizaci\u00f3n de Canotaje Las Flores y la fiscalizaci\u00f3n de la Federaci\u00f3n Bonaerense de Kayaks (Fe.Bo.Ca.K.).<\/p>\n<p>Se vivieron dos jornadas cargadas de brillo y jerarqu\u00eda, acompa\u00f1adas de pleno sol y una nutrida presencia de instituciones.<br \/>\nDentro de ese brillo y jerarqu\u00eda, por supuesto que estaban los palistas de la Escuela Diego D\u00edaz del Tim\u00f3n, como siempre con una nutrida presencia en n\u00famero y en calidad y la gran mano de los entrenadores Gustavo y \u00c1ngeles Cr\u00ednigan.<\/p>\n<p><img loading=\"lazy\" decoding=\"async\" src=\"https:\/\/diariodelujan.com\/xdeporte\/wp-content\/uploads\/2023\/10\/palistas-el-timon-2.webp\" alt=\"palistas el timon\" width=\"650\" height=\"408\" class=\"alignnone size-full wp-image-813\" title=\"\" srcset=\"https:\/\/diariodelujan.com\/xdeporte\/wp-content\/uploads\/2023\/10\/palistas-el-timon-2.webp 650w, https:\/\/diariodelujan.com\/xdeporte\/wp-content\/uploads\/2023\/10\/palistas-el-timon-2-300x188.webp 300w\" sizes=\"auto, (max-width: 650px) 100vw, 650px\" \/><\/p>\n<p>A pesar del alto nivel de la competencia, nuestra delegaci\u00f3n logr\u00f3 el segundo puesto en la suma de puntos y as\u00ed asegurar un nuevo Campeonato Provincial, a\u00fan con las dos fechas que quedan por delante en Necochea y Azul, ya es imposible ser alcanzado y de esta manera pueden gritar nuevamente campeones.<\/p>\n","protected":false},"excerpt":{"rendered":"<p>Los palistas de el Tim\u00f3n lograron otra coronaci\u00f3n en el Torneo de velocidad disputado en Las Flores a dos fechas del final.<\/p>\n","protected":false},"author":4,"featured_media":812,"comment_status":"closed","ping_status":"closed","sticky":false,"template":"","format":"standard","meta":{"tdm_status":"","tdm_grid_status":"","footnotes":""},"categories":[255],"tags":[61,256,257,258,22],"class_list":{"0":"post-808","1":"post","2":"type-post","3":"status-publish","4":"format-standard","5":"has-post-thumbnail","7":"category-canotaje","8":"tag-deportes","9":"tag-eltimos","10":"tag-kayak","11":"tag-palista","12":"tag-promocion"},"_links":{"self":[{"href":"https:\/\/diariodelujan.com\/xdeporte\/wp-json\/wp\/v2\/posts\/808","targetHints":{"allow":["GET"]}}],"collection":[{"href":"https:\/\/diariodelujan.com\/xdeporte\/wp-json\/wp\/v2\/posts"}],"about":[{"href":"https:\/\/diariodelujan.com\/xdeporte\/wp-json\/wp\/v2\/types\/post"}],"author":[{"embeddable":true,"href":"https:\/\/diariodelujan.com\/xdeporte\/wp-json\/wp\/v2\/users\/4"}],"replies":[{"embeddable":true,"href":"https:\/\/diariodelujan.com\/xdeporte\/wp-json\/wp\/v2\/comments?post=808"}],"version-history":[{"count":0,"href":"https:\/\/diariodelujan.com\/xdeporte\/wp-json\/wp\/v2\/posts\/808\/revisions"}],"wp:featuredmedia":[{"embeddable":true,"href":"https:\/\/diariodelujan.com\/xdeporte\/wp-json\/wp\/v2\/media\/812"}],"wp:attachment":[{"href":"https:\/\/diariodelujan.com\/xdeporte\/wp-json\/wp\/v2\/media?parent=808"}],"wp:term":[{"taxonomy":"category","embeddable":true,"href":"https:\/\/diariodelujan.com\/xdeporte\/wp-json\/wp\/v2\/categories?post=808"},{"taxonomy":"post_tag","embeddable":true,"href":"https:\/\/diariodelujan.com\/xdeporte\/wp-json\/wp\/v2\/tags?post=808"}],"curies":[{"name":"wp","href":"https:\/\/api.w.org\/{rel}","templated":true}]}}