{"id":8245,"date":"2024-03-23T21:03:06","date_gmt":"2024-03-24T00:03:06","guid":{"rendered":"https:\/\/www.diariodelujan.com\/?p=8245"},"modified":"2024-03-23T21:03:06","modified_gmt":"2024-03-24T00:03:06","slug":"lujan-derroto-a-el-porve-y-obtuvo-su-primer-triunfo-fuera-de-casa","status":"publish","type":"post","link":"https:\/\/diariodelujan.com\/xdeporte\/lujan-derroto-a-el-porve-y-obtuvo-su-primer-triunfo-fuera-de-casa\/","title":{"rendered":"Luj\u00e1n derrot\u00f3 a El Porve y obtuvo su primer triunfo fuera de casa"},"content":{"rendered":"<p><span style=\"font-family: georgia, palatino, serif; font-size: 14pt;\"><em>Por la fecha 7 de la Primera C, Luj\u00e1n le gan\u00f3 2 a 0 a El Porvenir y consigui\u00f3 sumar sus primeros tres puntos como visitante. El pr\u00f3ximo mi\u00e9rcoles, el Lujanero visitar\u00e1 a Lamadrid, en Villa Devoto.<\/em><\/span><\/p>\n<p><!--more--><\/p>\n<p>[dropcap]E[\/dropcap]n el estadio Gildo Ghersinich, El Porvenir y Luj\u00e1n se enfrentaron este s\u00e1bado, en el encuentro correspondiente a la fecha 7 del Apertura, que hab\u00eda sido postergado por las lluvias.<\/p>\n<p>En el primer tiempo, el anfitri\u00f3n arranc\u00f3 con mucha intensidad, queriendo imponer su local\u00eda y ponerse r\u00e1pido en ventaja, presionando, con muchos centros al \u00e1rea y con remates de media distancia que se iban desviados.<\/p>\n<p>Sin embargo, el Lujanero comenz\u00f3 a participar m\u00e1s en el juego, aprovechando las segundas pelotas y algunos rebotes para probar su suerte.<\/p>\n<p>El Porvenir sigui\u00f3 intentando, pero al atacar dejaba muchos espacios en la defensa que Luj\u00e1n supo aprovechar. En un despeje desde mitad de cancha y con el fondo de El Porve descuidado, Eladio Ramos contendi\u00f3 la pelota con el arquero, que se vio forzado a salir fuera del \u00e1rea, y el colombiano toc\u00f3 atr\u00e1s para Dinocco que asegur\u00f3 el primero para la visita.<\/p>\n<p>Tras el gol llegaron las m\u00e1s peligrosas de El Porvenir. Con dos jugadas, el due\u00f1o de casa pudo haber dado vuelta la historia. La primera un remate de Romero que se va rozando el palo derecho de Vali\u00f1as. La segunda, un centro por la derecha que cay\u00f3 en los pies del delantero local, quien no pudo definir suficientemente bien como para vulnerar al 1 de Luj\u00e1n.<\/p>\n<p>En el segundo tiempo baj\u00f3 la intensidad de juego. Pelotazos largos de parte de ambos y, a excepci\u00f3n de algunas acciones aisladas, definiciones apuradas y sin mucha claridad.<\/p>\n<p>Cuando se estaba cerrando el partido, un despeje de Bentancor de repente se convirti\u00f3 en gol tras una pifia del arquero y as\u00ed el Lujanero consigui\u00f3 la segunda alegr\u00eda de la tarde y los primeros tres puntos fuera de casa.<\/p>\n<p>El pr\u00f3ximo mi\u00e9rcoles Luj\u00e1n visitar\u00e1 a Lamadrid, en Villa Devoto, por la fecha 9 del Apertura.<\/p>\n","protected":false},"excerpt":{"rendered":"<p>Por la fecha 7 de la Primera C, Luj\u00e1n le gan\u00f3 2 a 0 a El Porvenir y consigui\u00f3 sumar sus primeros tres puntos como visitante. El pr\u00f3ximo mi\u00e9rcoles, el Lujanero visitar\u00e1 a Lamadrid, en Villa Devoto.<\/p>\n","protected":false},"author":4,"featured_media":8251,"comment_status":"closed","ping_status":"closed","sticky":false,"template":"","format":"standard","meta":{"tdm_status":"","tdm_grid_status":"","footnotes":""},"categories":[8],"tags":[209,173,117,130,22],"class_list":{"0":"post-8245","1":"post","2":"type-post","3":"status-publish","4":"format-standard","5":"has-post-thumbnail","7":"category-futbol","8":"tag-el-porvenir","9":"tag-futbol","10":"tag-lujan","11":"tag-primera-c","12":"tag-promocion"},"_links":{"self":[{"href":"https:\/\/diariodelujan.com\/xdeporte\/wp-json\/wp\/v2\/posts\/8245","targetHints":{"allow":["GET"]}}],"collection":[{"href":"https:\/\/diariodelujan.com\/xdeporte\/wp-json\/wp\/v2\/posts"}],"about":[{"href":"https:\/\/diariodelujan.com\/xdeporte\/wp-json\/wp\/v2\/types\/post"}],"author":[{"embeddable":true,"href":"https:\/\/diariodelujan.com\/xdeporte\/wp-json\/wp\/v2\/users\/4"}],"replies":[{"embeddable":true,"href":"https:\/\/diariodelujan.com\/xdeporte\/wp-json\/wp\/v2\/comments?post=8245"}],"version-history":[{"count":0,"href":"https:\/\/diariodelujan.com\/xdeporte\/wp-json\/wp\/v2\/posts\/8245\/revisions"}],"wp:featuredmedia":[{"embeddable":true,"href":"https:\/\/diariodelujan.com\/xdeporte\/wp-json\/wp\/v2\/media\/8251"}],"wp:attachment":[{"href":"https:\/\/diariodelujan.com\/xdeporte\/wp-json\/wp\/v2\/media?parent=8245"}],"wp:term":[{"taxonomy":"category","embeddable":true,"href":"https:\/\/diariodelujan.com\/xdeporte\/wp-json\/wp\/v2\/categories?post=8245"},{"taxonomy":"post_tag","embeddable":true,"href":"https:\/\/diariodelujan.com\/xdeporte\/wp-json\/wp\/v2\/tags?post=8245"}],"curies":[{"name":"wp","href":"https:\/\/api.w.org\/{rel}","templated":true}]}}