{"id":8427,"date":"2024-03-27T09:38:27","date_gmt":"2024-03-27T12:38:27","guid":{"rendered":"https:\/\/www.diariodelujan.com\/?p=8427"},"modified":"2024-03-27T09:38:27","modified_gmt":"2024-03-27T12:38:27","slug":"flandria-visita-a-deportivo-lafe-por-los-3-puntos","status":"publish","type":"post","link":"https:\/\/diariodelujan.com\/xdeporte\/flandria-visita-a-deportivo-lafe-por-los-3-puntos\/","title":{"rendered":"Flandria visita a \u201cLafe\u201d por los 3 puntos"},"content":{"rendered":"<p><span style=\"font-family: georgia, palatino, serif; font-size: 14pt;\"><em>Flandria cumplir\u00e1 esta tarde con el compromiso de la 9\u00b0 fecha de la B Metro en su visita al Deportivo Laferrere con el arbitraje de Marcos Recalde.<\/em><\/span><!--more--><\/p>\n<p><a href=\"https:\/\/diariodelujan.com\/xdeporte\/wp-content\/uploads\/2024\/03\/Flandria-vs-Laferrere-1.webp\"><img loading=\"lazy\" decoding=\"async\" class=\"alignnone wp-image-8434\" title=\"Flandria cumplir\u00e1 esta tarde con el compromiso de la 9\u00b0 fecha de la B Metro en su visita al Deportivo Laferrere con el arbitraje de Marcos Recalde.\" src=\"https:\/\/diariodelujan.com\/xdeporte\/wp-content\/uploads\/2024\/03\/Flandria-vs-Laferrere-1.webp\" alt=\"Flandria vs Laferrere \" width=\"650\" height=\"813\" srcset=\"https:\/\/diariodelujan.com\/xdeporte\/wp-content\/uploads\/2024\/03\/Flandria-vs-Laferrere-1.webp 512w, https:\/\/diariodelujan.com\/xdeporte\/wp-content\/uploads\/2024\/03\/Flandria-vs-Laferrere-1-240x300.webp 240w, https:\/\/diariodelujan.com\/xdeporte\/wp-content\/uploads\/2024\/03\/Flandria-vs-Laferrere-1-336x420.webp 336w\" sizes=\"auto, (max-width: 650px) 100vw, 650px\" \/><\/a><\/p>\n<p>[dropcap]L[\/dropcap]aferrere recibe hoy a Flandria, a las 15:30 (hora Argentina) en el estadio Deportivo Laferrere, por la fecha 9 del Campeonato Primera B Metro Temporada 2024.<\/p>\n<p>Cabe destacar que este encuentro no se disput\u00f3 el fin de semana pasado debido a que el Verde enfrent\u00f3 a Independiente de Avellaneda por Copa Argentina.<\/p>\n<p>Flandria y Laferrere deben ajustar su juego para conseguir una victoria en esta nueva fecha del campeonato. Los visitantes entran al partido tras una derrota como local en su \u00faltimo encuentro. Por su parte, el anfitri\u00f3n de esta jornada consigui\u00f3 apenas un punto con el empate a 2 en el partido anterior.<\/p>\n<p>A Flandria no le alcanz\u00f3 el marcador y perdi\u00f3 0 a 2 ante Dep. Merlo. Con un historial bastante irregular en los \u00faltimos 4 partidos disputados, 1 derrota y 3 victorias, tiene 4 goles a favor y ha recibido 3 en contra.<\/p>\n<p>El juez seleccionado para supervisar el partido es Marcos Recalde.<\/p>\n","protected":false},"excerpt":{"rendered":"<p>Flandria cumplir\u00e1 esta tarde con el compromiso de la 9\u00b0 fecha de la B Metro en su visita al Deportivo Laferrere con el arbitraje de Marcos Recalde.<\/p>\n","protected":false},"author":4,"featured_media":8431,"comment_status":"closed","ping_status":"closed","sticky":false,"template":"","format":"standard","meta":{"tdm_status":"","tdm_grid_status":"","footnotes":""},"categories":[8],"tags":[172,173,210],"class_list":{"0":"post-8427","1":"post","2":"type-post","3":"status-publish","4":"format-standard","5":"has-post-thumbnail","7":"category-futbol","8":"tag-flandria","9":"tag-futbol","10":"tag-laferrere"},"_links":{"self":[{"href":"https:\/\/diariodelujan.com\/xdeporte\/wp-json\/wp\/v2\/posts\/8427","targetHints":{"allow":["GET"]}}],"collection":[{"href":"https:\/\/diariodelujan.com\/xdeporte\/wp-json\/wp\/v2\/posts"}],"about":[{"href":"https:\/\/diariodelujan.com\/xdeporte\/wp-json\/wp\/v2\/types\/post"}],"author":[{"embeddable":true,"href":"https:\/\/diariodelujan.com\/xdeporte\/wp-json\/wp\/v2\/users\/4"}],"replies":[{"embeddable":true,"href":"https:\/\/diariodelujan.com\/xdeporte\/wp-json\/wp\/v2\/comments?post=8427"}],"version-history":[{"count":0,"href":"https:\/\/diariodelujan.com\/xdeporte\/wp-json\/wp\/v2\/posts\/8427\/revisions"}],"wp:featuredmedia":[{"embeddable":true,"href":"https:\/\/diariodelujan.com\/xdeporte\/wp-json\/wp\/v2\/media\/8431"}],"wp:attachment":[{"href":"https:\/\/diariodelujan.com\/xdeporte\/wp-json\/wp\/v2\/media?parent=8427"}],"wp:term":[{"taxonomy":"category","embeddable":true,"href":"https:\/\/diariodelujan.com\/xdeporte\/wp-json\/wp\/v2\/categories?post=8427"},{"taxonomy":"post_tag","embeddable":true,"href":"https:\/\/diariodelujan.com\/xdeporte\/wp-json\/wp\/v2\/tags?post=8427"}],"curies":[{"name":"wp","href":"https:\/\/api.w.org\/{rel}","templated":true}]}}