{"id":8456,"date":"2024-03-27T17:02:15","date_gmt":"2024-03-27T20:02:15","guid":{"rendered":"https:\/\/www.diariodelujan.com\/?p=8456"},"modified":"2024-07-23T02:28:06","modified_gmt":"2024-07-23T05:28:06","slug":"comienzan-a-palpitarse-los-juegos-bonaerenses","status":"publish","type":"post","link":"https:\/\/diariodelujan.com\/xdeporte\/comienzan-a-palpitarse-los-juegos-bonaerenses\/","title":{"rendered":"Comienzan a palpitarse los Juegos Bonaerenses"},"content":{"rendered":"<p><span style=\"font-family: georgia, palatino, serif; font-size: 14pt;\"><em>Una nueva edici\u00f3n de los Juegos Bonaerenses est\u00e1 por comenzar, junto a la ilusi\u00f3n y expectativa de miles de j\u00f3venes que comparten la pasi\u00f3n del deporte.<\/em><\/span><!--more--><\/p>\n<p>[dropcap]P[\/dropcap]r\u00f3ximamente, los deportistas bonaerenses de todas las categor\u00edas podr\u00e1n inscribirse para participar de la 33\u00b0 edici\u00f3n de los Juegos Bonaerenses, que crece a pasos agigantados a\u00f1o a a\u00f1o.<\/p>\n<p>Las competencias comenzar\u00e1n en la etapa municipal, continuar\u00e1n en la etapa regional y, previo a la gran Final Provincial en Mar del Plata, se disputar\u00e1 la etapa interregional, una nueva instancia que se incorpora en esta edici\u00f3n.<\/p>\n<h2><span style=\"font-size: 14pt;\">Juegos Bonaerenses 2023<\/span><\/h2>\n<p>En la edici\u00f3n 2023, los Juegos Bonaerenses <a href=\"https:\/\/www.diariodelujan.com\/finalizaron-los-juegos-parapanamericanos-2023\/\">alcanzaron un r\u00e9cord hist\u00f3rico<\/a> de m\u00e1s de 455.000 inscriptos, pertenecientes a los 135 municipios de la Provincia. De ellos, m\u00e1s de 30.000 deportistas accedieron a la Etapa Final, que tuvo su desarrollo en Mar del Plata y abarc\u00f3 m\u00e1s de 70 escenarios de la ciudad.<\/p>\n<p>Lomas de Zamora se qued\u00f3 con el primer puesto en el medallero general, repitiendo el logro obtenido en 2022. El podio lo completaron General Pueyrred\u00f3n y Quilmes, segundo y tercer lugar respectivamente.<\/p>\n<p>Por otro lado, el municipio de Salto obtuvo la Copa Comunidad por su desempe\u00f1o en la competencia, su comportamiento ejemplar y el respeto hacia los dem\u00e1s deportistas, fomentando as\u00ed, los valores del deporte bonaerense.<\/p>\n<p>Con m\u00e1s de 100 disciplinas y una amplia variedad de categor\u00edas, los Juegos se convirtieron en el certamen deportivo y cultural m\u00e1s importante de la Provincia y uno de los m\u00e1s grandes del pa\u00eds. Hoy, cuenta con deportes para las categor\u00edas Juveniles, Personas con Discapacidad, Adultos Mayores, Personas Trasplantadas y Estudiantes Universitarios y Terciarios.<\/p>\n<p>Este certamen, impulsado por el Ministerio de Desarrollo de la Comunidad bonaerense, a trav\u00e9s de la Subsecretar\u00eda de Deportes y en articulaci\u00f3n con el Instituto Cultural, es una propuesta que integra a toda la comunidad de la Provincia de Buenos Aires, generando el espacio deportivo y cultural m\u00e1s convocante del pa\u00eds.<\/p>\n<p><a href=\"https:\/\/diariodelujan.com\/xdeporte\/wp-content\/uploads\/2024\/03\/Juegos-Bonaerenses-2023.webp\"><img loading=\"lazy\" decoding=\"async\" class=\"alignnone size-full wp-image-8463\" src=\"https:\/\/diariodelujan.com\/xdeporte\/wp-content\/uploads\/2024\/03\/Juegos-Bonaerenses-2023.webp\" alt=\"Vuelven los Juegos Bonaerenses\" width=\"900\" height=\"600\" title=\"\" srcset=\"https:\/\/diariodelujan.com\/xdeporte\/wp-content\/uploads\/2024\/03\/Juegos-Bonaerenses-2023.webp 900w, https:\/\/diariodelujan.com\/xdeporte\/wp-content\/uploads\/2024\/03\/Juegos-Bonaerenses-2023-300x200.webp 300w, https:\/\/diariodelujan.com\/xdeporte\/wp-content\/uploads\/2024\/03\/Juegos-Bonaerenses-2023-768x512.webp 768w, https:\/\/diariodelujan.com\/xdeporte\/wp-content\/uploads\/2024\/03\/Juegos-Bonaerenses-2023-630x420.webp 630w, https:\/\/diariodelujan.com\/xdeporte\/wp-content\/uploads\/2024\/03\/Juegos-Bonaerenses-2023-696x464.webp 696w\" sizes=\"auto, (max-width: 900px) 100vw, 900px\" \/><\/a><\/p>\n<p>A trav\u00e9s de su historia, los <a href=\"https:\/\/juegos.gba.gob.ar\/\" target=\"_blank\" rel=\"noopener\">Juegos Bonaerenses<\/a> albergaron a deportistas y artistas de renombre como Emanuel Gin\u00f3bili, Majo Granatto, Luis Scola, Braian Toledo, Sergio \u201cKun\u201d Ag\u00fcero, Diego y Gabriel Milito, Milena Salamanca, Abel Pintos, Nahuel Pennisi, entre otros.<\/p>\n<p>Una vez m\u00e1s, se espera que todos los bonaerenses, representantes de sus respectivos municipios, sean parte de este importante certamen deportivo por el que ya han pasado m\u00e1s de 20 millones de deportistas a lo largo de sus 32 ediciones.<\/p>\n","protected":false},"excerpt":{"rendered":"<p>Una nueva edici\u00f3n de los Juegos Bonaerenses est\u00e1 por comenzar, junto a la ilusi\u00f3n y expectativa de miles de j\u00f3venes que comparten la pasi\u00f3n del deporte.<\/p>\n","protected":false},"author":4,"featured_media":8459,"comment_status":"closed","ping_status":"closed","sticky":false,"template":"","format":"standard","meta":{"tdm_status":"","tdm_grid_status":"","footnotes":""},"categories":[17],"tags":[61,94,22,95],"class_list":{"0":"post-8456","1":"post","2":"type-post","3":"status-publish","4":"format-standard","5":"has-post-thumbnail","7":"category-deportes","8":"tag-deportes","9":"tag-juegos-bonaerenses","10":"tag-promocion","11":"tag-provincia"},"_links":{"self":[{"href":"https:\/\/diariodelujan.com\/xdeporte\/wp-json\/wp\/v2\/posts\/8456","targetHints":{"allow":["GET"]}}],"collection":[{"href":"https:\/\/diariodelujan.com\/xdeporte\/wp-json\/wp\/v2\/posts"}],"about":[{"href":"https:\/\/diariodelujan.com\/xdeporte\/wp-json\/wp\/v2\/types\/post"}],"author":[{"embeddable":true,"href":"https:\/\/diariodelujan.com\/xdeporte\/wp-json\/wp\/v2\/users\/4"}],"replies":[{"embeddable":true,"href":"https:\/\/diariodelujan.com\/xdeporte\/wp-json\/wp\/v2\/comments?post=8456"}],"version-history":[{"count":1,"href":"https:\/\/diariodelujan.com\/xdeporte\/wp-json\/wp\/v2\/posts\/8456\/revisions"}],"predecessor-version":[{"id":13660,"href":"https:\/\/diariodelujan.com\/xdeporte\/wp-json\/wp\/v2\/posts\/8456\/revisions\/13660"}],"wp:featuredmedia":[{"embeddable":true,"href":"https:\/\/diariodelujan.com\/xdeporte\/wp-json\/wp\/v2\/media\/8459"}],"wp:attachment":[{"href":"https:\/\/diariodelujan.com\/xdeporte\/wp-json\/wp\/v2\/media?parent=8456"}],"wp:term":[{"taxonomy":"category","embeddable":true,"href":"https:\/\/diariodelujan.com\/xdeporte\/wp-json\/wp\/v2\/categories?post=8456"},{"taxonomy":"post_tag","embeddable":true,"href":"https:\/\/diariodelujan.com\/xdeporte\/wp-json\/wp\/v2\/tags?post=8456"}],"curies":[{"name":"wp","href":"https:\/\/api.w.org\/{rel}","templated":true}]}}