{"id":8478,"date":"2024-03-28T09:53:53","date_gmt":"2024-03-28T12:53:53","guid":{"rendered":"https:\/\/www.diariodelujan.com\/?p=8478"},"modified":"2024-03-28T09:53:53","modified_gmt":"2024-03-28T12:53:53","slug":"el-canario-igualo-con-laferrere","status":"publish","type":"post","link":"https:\/\/diariodelujan.com\/xdeporte\/el-canario-igualo-con-laferrere\/","title":{"rendered":"El Canario igual\u00f3 con Laferrere"},"content":{"rendered":"<p class=\"sc-e441548f-8 LJnB\"><span style=\"font-family: georgia, palatino, serif; font-size: 14pt;\"><em>El Villero y el Canario empataron 1 a 1, en el estadio Deportivo Laferrere, pero la atenci\u00f3n se qued\u00f3 en las decisiones arbitrales.<\/em><\/span><!--more--><\/p>\n<p>[dropcap]E[\/dropcap]l cierre de la novena fecha de la Primera B se dio entre dos equipos con realidades distintas. Por un lado Laferrere, que busca resurgir del fondo y sigue sin poder despegarse. Por otro, <a href=\"https:\/\/www.diariodelujan.com\/flandria-cayo-ante-dep-merlo-2-a-0-de-local\/\">Flandria<\/a>, que m\u00e1s all\u00e1 de la \u00faltima derrota con Dep. Merlo, segu\u00eda pendiente a los puestos de arriba. A\u00fan as\u00ed, quedaron a mano e igualaron 1 a 1.<\/p>\n<p>Partido chato en el Ciudad de Laferrere. El local arranc\u00f3 flojo, pero particularmente en el segundo tiempo, gener\u00f3 conexiones que lo aproximaron al arco defendido por Federico D\u00edaz. Gaspar I\u00f1iguez se hizo due\u00f1o de la mitad de la cancha, ordenando al equipo y repartiendo juego siempre que tuvo la posibilidad. Pese a sus intermitencias, Trejo y Ort\u00edz, los creativos, tambi\u00e9n acompa\u00f1aron.<\/p>\n<p>El \u00faltimo de los mencionados fue part\u00edcipe de la jugada del empate. Fue a \u00e9l a quien le cometieron el penal que Arbello cambi\u00f3 por gol. Flandria se hab\u00eda puesto en ventaja en el comienzo a partir de una gran acci\u00f3n individual de Cristian Cuenca: pisada en el borde del \u00e1rea, con un disparo que se ensuci\u00f3 un poco entre el estado del campo y un rebote, pero que termin\u00f3 en el fondo de la red.<\/p>\n<p>El Canario no mantuvo el ritmo mostrado en el primer tiempo, y su ca\u00edda en el juego gener\u00f3 el crecimiento de Laferrere. En el segundo tiempo no presion\u00f3 y gener\u00f3 poco de cara al arco rival, adem\u00e1s de que tuvo que jugar casi 20 minutos con uno menos por la expulsi\u00f3n de Cabrera. El Villero mereci\u00f3 m\u00e1s, y tuvo muchas chances para ampliar el marcador. Pero no alcanz\u00f3, y quedaron a mano.<\/p>\n<h3><strong><span style=\"font-size: 14pt;\">Las pol\u00e9micas de Laferrere vs Flandria<\/span><\/strong><\/h3>\n<p>Regular labor de Marcos Recalde. Durante la primera etapa, no sancion\u00f3 un claro penal sobre Alan Espeche. Tras una jugada por el sector izquierdo, el delantero de Laferrere fue derribado dentro del \u00e1rea, pero el \u00e1rbitro no cobr\u00f3 la falta.<\/p>\n<p><a href=\"https:\/\/diariodelujan.com\/xdeporte\/wp-content\/uploads\/2024\/03\/flandria-vs-laferrere.webp\"><img loading=\"lazy\" decoding=\"async\" class=\"alignnone size-full wp-image-8498\" src=\"https:\/\/diariodelujan.com\/xdeporte\/wp-content\/uploads\/2024\/03\/flandria-vs-laferrere.webp\" alt=\"flandria vs laferrere\" width=\"627\" height=\"386\" title=\"\" srcset=\"https:\/\/diariodelujan.com\/xdeporte\/wp-content\/uploads\/2024\/03\/flandria-vs-laferrere.webp 627w, https:\/\/diariodelujan.com\/xdeporte\/wp-content\/uploads\/2024\/03\/flandria-vs-laferrere-300x185.webp 300w\" sizes=\"auto, (max-width: 627px) 100vw, 627px\" \/><\/a><\/p>\n<p>El complemento inici\u00f3 con un penal bien cobrado para el local. Unos pocos minutos despu\u00e9s, con la jugada corriendo por otro sector de la cancha, Alejandro G\u00f3mez le meti\u00f3 un terrible topetazo en la nuca a Gonz\u00e1lez, capit\u00e1n de Flandria, que termin\u00f3 saliendo del campo por no estar apto para continuar.<\/p>\n<p>El lateral del Verde debi\u00f3 ser expulsado, pero ni Recalde, ni el juez de l\u00ednea, lo consideraron. Adem\u00e1s, el mismo asistente anul\u00f3 lo que era el segundo gol de Flandria por un dudos\u00edsimo fuera de juego. A falta de 20 minutos, el \u00e1rbitro principal ech\u00f3 correctamente a Cabrera, defensor del Canario, tras una falta c\u00f3mo \u00faltimo hombre.<\/p>\n<h3>Laferrere Volvi\u00f3 a su casa<\/h3>\n<p>Poco m\u00e1s de un mes despu\u00e9s, el Villero volvi\u00f3 a jugar en su estadio. El \u00faltimo encuentro en el Ciudad de Laferrere fue el 17 de febrero, en la victoria frente a Deportivo Armenio por 2 a 1. Particularmente, aquel partido fue el \u00fanico triunfo de Lafe en el torneo.<\/p>\n<p><span style=\"color: #999999;\">Con material de <a href=\"https:\/\/www.ole.com.ar\" target=\"_blank\" rel=\"noopener\">OLE<\/a><\/span><\/p>\n","protected":false},"excerpt":{"rendered":"<p>El Villero y el Canario empataron 1 a 1, en el estadio Deportivo Laferrere, pero la atenci\u00f3n se qued\u00f3 en las decisiones arbitrales.<\/p>\n","protected":false},"author":4,"featured_media":8494,"comment_status":"closed","ping_status":"closed","sticky":false,"template":"","format":"standard","meta":{"tdm_status":"","tdm_grid_status":"","footnotes":""},"categories":[8],"tags":[172,173,210,182,22],"class_list":{"0":"post-8478","1":"post","2":"type-post","3":"status-publish","4":"format-standard","5":"has-post-thumbnail","7":"category-futbol","8":"tag-flandria","9":"tag-futbol","10":"tag-laferrere","11":"tag-primera-b-metropolitana","12":"tag-promocion"},"_links":{"self":[{"href":"https:\/\/diariodelujan.com\/xdeporte\/wp-json\/wp\/v2\/posts\/8478","targetHints":{"allow":["GET"]}}],"collection":[{"href":"https:\/\/diariodelujan.com\/xdeporte\/wp-json\/wp\/v2\/posts"}],"about":[{"href":"https:\/\/diariodelujan.com\/xdeporte\/wp-json\/wp\/v2\/types\/post"}],"author":[{"embeddable":true,"href":"https:\/\/diariodelujan.com\/xdeporte\/wp-json\/wp\/v2\/users\/4"}],"replies":[{"embeddable":true,"href":"https:\/\/diariodelujan.com\/xdeporte\/wp-json\/wp\/v2\/comments?post=8478"}],"version-history":[{"count":0,"href":"https:\/\/diariodelujan.com\/xdeporte\/wp-json\/wp\/v2\/posts\/8478\/revisions"}],"wp:featuredmedia":[{"embeddable":true,"href":"https:\/\/diariodelujan.com\/xdeporte\/wp-json\/wp\/v2\/media\/8494"}],"wp:attachment":[{"href":"https:\/\/diariodelujan.com\/xdeporte\/wp-json\/wp\/v2\/media?parent=8478"}],"wp:term":[{"taxonomy":"category","embeddable":true,"href":"https:\/\/diariodelujan.com\/xdeporte\/wp-json\/wp\/v2\/categories?post=8478"},{"taxonomy":"post_tag","embeddable":true,"href":"https:\/\/diariodelujan.com\/xdeporte\/wp-json\/wp\/v2\/tags?post=8478"}],"curies":[{"name":"wp","href":"https:\/\/api.w.org\/{rel}","templated":true}]}}