{"id":8497,"date":"2024-03-28T12:40:51","date_gmt":"2024-03-28T15:40:51","guid":{"rendered":"https:\/\/www.diariodelujan.com\/?p=8497"},"modified":"2024-03-28T12:40:51","modified_gmt":"2024-03-28T15:40:51","slug":"lujan-cayo-ante-lamadrid-en-el-enrique-sexto","status":"publish","type":"post","link":"https:\/\/diariodelujan.com\/xdeporte\/lujan-cayo-ante-lamadrid-en-el-enrique-sexto\/","title":{"rendered":"Luj\u00e1n cay\u00f3 ante Lamadrid en el Enrique Sexto"},"content":{"rendered":"<p><span style=\"font-family: georgia, palatino, serif; font-size: 14pt;\"><em>Luj\u00e1n cay\u00f3 derrotado ante Lamadrid 1-0 en el estadio Enrique Sexto. Enla pr\u00f3xima fecha, el Lujanero enfrentar\u00e1 a Mu\u00f1iz.<\/em><\/span><\/p>\n<p><!--more--><\/p>\n<p>[dropcap]T[\/dropcap]ras el triunfo ante <a href=\"https:\/\/www.diariodelujan.com\/lujan-derroto-a-el-porve-y-obtuvo-su-primer-triunfo-fuera-de-casa\/\">El Porve<\/a>, Luj\u00e1n viaj\u00f3 este mi\u00e9rcoles a Villa Devoto para enfrentar al Carcelero por la fecha 9 de la primera C.<\/p>\n<p>En un encuentro bajo el arbitraje de Nicol\u00e1s Jara, los primeros 45 minutos el partido pasaron sin pena ni gloria con pocas acciones de peligro, exceptuando momentos en los que la defensa de Luj\u00e1n era vulnerada por la delantera local, aunque esas jugadas terminaban en las manos de Vali\u00f1as o con remates desviados.<\/p>\n<p>El Lujanero al principio fue abrumado por los ataques del Carcelero, pero poco a poco se arrim\u00f3 al terreno del rival. Sin embargo, nunca estuvo cerca de lastimar al due\u00f1o de casa.<\/p>\n<p>Ya en la segunda parte el partido gan\u00f3 m\u00e1s intensidad y las chances de gol parec\u00edan parejas. No obstante, Garate movi\u00f3 el banco de suplentes y con el ingreso de Federico Pellegrino cont\u00f3 con chances de quebrar el cero. Sin embargo, en una r\u00e9plica, Luj\u00e1n qued\u00f3 mal parado y Nahuel Paz con un remate de media distancia venci\u00f3 a Nahuel Vali\u00f1as para el 1 a 0.<\/p>\n<p>Tras el tanto del carcelero, los de Garate siguieron intentando pero se les termin\u00f3 el partido sin poder anotar un tanto en Villa Devoto.<\/p>\n","protected":false},"excerpt":{"rendered":"<p>Luj\u00e1n cay\u00f3 derrotado ante Lamadrid 1-0 en el estadio Enrique Sexto. Enla pr\u00f3xima fecha, el Lujanero enfrentar\u00e1 a Mu\u00f1iz.<\/p>\n","protected":false},"author":4,"featured_media":8511,"comment_status":"closed","ping_status":"closed","sticky":false,"template":"","format":"standard","meta":{"tdm_status":"","tdm_grid_status":"","footnotes":""},"categories":[8],"tags":[173,211,117,130,22],"class_list":{"0":"post-8497","1":"post","2":"type-post","3":"status-publish","4":"format-standard","5":"has-post-thumbnail","7":"category-futbol","8":"tag-futbol","9":"tag-lamadrid","10":"tag-lujan","11":"tag-primera-c","12":"tag-promocion"},"_links":{"self":[{"href":"https:\/\/diariodelujan.com\/xdeporte\/wp-json\/wp\/v2\/posts\/8497","targetHints":{"allow":["GET"]}}],"collection":[{"href":"https:\/\/diariodelujan.com\/xdeporte\/wp-json\/wp\/v2\/posts"}],"about":[{"href":"https:\/\/diariodelujan.com\/xdeporte\/wp-json\/wp\/v2\/types\/post"}],"author":[{"embeddable":true,"href":"https:\/\/diariodelujan.com\/xdeporte\/wp-json\/wp\/v2\/users\/4"}],"replies":[{"embeddable":true,"href":"https:\/\/diariodelujan.com\/xdeporte\/wp-json\/wp\/v2\/comments?post=8497"}],"version-history":[{"count":0,"href":"https:\/\/diariodelujan.com\/xdeporte\/wp-json\/wp\/v2\/posts\/8497\/revisions"}],"wp:featuredmedia":[{"embeddable":true,"href":"https:\/\/diariodelujan.com\/xdeporte\/wp-json\/wp\/v2\/media\/8511"}],"wp:attachment":[{"href":"https:\/\/diariodelujan.com\/xdeporte\/wp-json\/wp\/v2\/media?parent=8497"}],"wp:term":[{"taxonomy":"category","embeddable":true,"href":"https:\/\/diariodelujan.com\/xdeporte\/wp-json\/wp\/v2\/categories?post=8497"},{"taxonomy":"post_tag","embeddable":true,"href":"https:\/\/diariodelujan.com\/xdeporte\/wp-json\/wp\/v2\/tags?post=8497"}],"curies":[{"name":"wp","href":"https:\/\/api.w.org\/{rel}","templated":true}]}}