{"id":8683,"date":"2024-04-01T10:07:30","date_gmt":"2024-04-01T13:07:30","guid":{"rendered":"https:\/\/www.diariodelujan.com\/?p=8683"},"modified":"2024-04-01T10:07:30","modified_gmt":"2024-04-01T13:07:30","slug":"el-canario-se-enfrenta-a-canuelas","status":"publish","type":"post","link":"https:\/\/diariodelujan.com\/xdeporte\/el-canario-se-enfrenta-a-canuelas\/","title":{"rendered":"El Canario se enfrenta a Ca\u00f1uelas"},"content":{"rendered":"<p><span style=\"font-family: georgia, palatino, serif; font-size: 14pt;\"><em>En el encuentro correspondiente a la fecha 10 de la Primera B Metropolitana, el Canario enfrenta este lunes a Ca\u00f1uelas, a partir de las 15:30.<\/em><\/span><\/p>\n<p><!--more--><\/p>\n<p>[dropcap]E[\/dropcap]sta tarde, el conjunto dirigido por Walter D\u00edaz se enfrenta a los Tamberos en el estadio Carlos V, por la fecha 10, a partir de las 15:30 hs.<\/p>\n<p>Flandria viene de un empate contra Laferrere en la fecha pasada y una derrota ante Merlo por 2 a 0. Por eso en esta ocasi\u00f3n, buscar\u00e1 volver a la victoria ante un Ca\u00f1uelas que pelea por la punta.<\/p>\n<p>Los \u00faltimos cruces entre el Canario y Ca\u00f1uelas terminaron a favor de los de J\u00e1uregui, siendo el \u00faltimo resultado 4 a 2.<\/p>\n","protected":false},"excerpt":{"rendered":"<p>En el encuentro correspondiente a la fecha 10 de la Primera B Metropolitana, el Canario enfrenta este lunes a Ca\u00f1uelas, a partir de las 15:30.<\/p>\n","protected":false},"author":4,"featured_media":8688,"comment_status":"closed","ping_status":"closed","sticky":false,"template":"","format":"standard","meta":{"tdm_status":"","tdm_grid_status":"","footnotes":""},"categories":[8],"tags":[213,172,173,200],"class_list":{"0":"post-8683","1":"post","2":"type-post","3":"status-publish","4":"format-standard","5":"has-post-thumbnail","7":"category-futbol","8":"tag-canuelas","9":"tag-flandria","10":"tag-futbol","11":"tag-primera-b-metro"},"_links":{"self":[{"href":"https:\/\/diariodelujan.com\/xdeporte\/wp-json\/wp\/v2\/posts\/8683","targetHints":{"allow":["GET"]}}],"collection":[{"href":"https:\/\/diariodelujan.com\/xdeporte\/wp-json\/wp\/v2\/posts"}],"about":[{"href":"https:\/\/diariodelujan.com\/xdeporte\/wp-json\/wp\/v2\/types\/post"}],"author":[{"embeddable":true,"href":"https:\/\/diariodelujan.com\/xdeporte\/wp-json\/wp\/v2\/users\/4"}],"replies":[{"embeddable":true,"href":"https:\/\/diariodelujan.com\/xdeporte\/wp-json\/wp\/v2\/comments?post=8683"}],"version-history":[{"count":0,"href":"https:\/\/diariodelujan.com\/xdeporte\/wp-json\/wp\/v2\/posts\/8683\/revisions"}],"wp:featuredmedia":[{"embeddable":true,"href":"https:\/\/diariodelujan.com\/xdeporte\/wp-json\/wp\/v2\/media\/8688"}],"wp:attachment":[{"href":"https:\/\/diariodelujan.com\/xdeporte\/wp-json\/wp\/v2\/media?parent=8683"}],"wp:term":[{"taxonomy":"category","embeddable":true,"href":"https:\/\/diariodelujan.com\/xdeporte\/wp-json\/wp\/v2\/categories?post=8683"},{"taxonomy":"post_tag","embeddable":true,"href":"https:\/\/diariodelujan.com\/xdeporte\/wp-json\/wp\/v2\/tags?post=8683"}],"curies":[{"name":"wp","href":"https:\/\/api.w.org\/{rel}","templated":true}]}}