{"id":8799,"date":"2024-04-04T16:27:47","date_gmt":"2024-04-04T19:27:47","guid":{"rendered":"https:\/\/www.diariodelujan.com\/?p=8799"},"modified":"2024-07-23T02:28:06","modified_gmt":"2024-07-23T05:28:06","slug":"abrieron-las-inscripciones-para-los-juegos-bonaerenses","status":"publish","type":"post","link":"https:\/\/diariodelujan.com\/xdeporte\/abrieron-las-inscripciones-para-los-juegos-bonaerenses\/","title":{"rendered":"Abrieron las inscripciones para los Juegos Bonaerenses"},"content":{"rendered":"<p><span style=\"font-family: georgia, palatino, serif; font-size: 14pt;\"><em>Se encuentra abierta la inscripci\u00f3n para participar de la 33\u00b0 edici\u00f3n de los Juegos Bonaerenses.<\/em> <\/span><!--more--><\/p>\n<p>[dropcap]S[\/dropcap]e podr\u00e1 participar de m\u00e1s 100 disciplinas deportivas y culturales para Juveniles, Personas con Discapacidad y Trasplantadas, y Adultos Mayores.<\/p>\n<p>\u201cInvitamos a los lujanenses a participar de esta nueva edici\u00f3n de los Juegos Bonaerenses, una iniciativa que promueve la pr\u00e1ctica deportiva pero tambi\u00e9n el fortalecimiento de los v\u00ednculos sociales entre los competidores\u201d, expres\u00f3 el Secretario de Desarrollo Humano, Federico Vanin.<\/p>\n<p>Adem\u00e1s, en esta oportunidad los <a href=\"https:\/\/www.diariodelujan.com\/comienzan-a-palpitarse-los-juegos-bonaerenses\/\">Juegos Bonaerenses<\/a> sumar\u00e1n una etapa interregional antes de concluir la nueva edici\u00f3n con la Final Provincial en Mar del Plata.<\/p>\n<p>\u201cEl Gobernador Kicillof tom\u00f3 la decisi\u00f3n de realizar este evento con el compromiso de seguir garantizando el derecho al deporte y la cultura, porque creemos que los Juegos Bonaerenses son parte de la identidad de nuestra Provincia\u201d, afirm\u00f3 el Ministro de Desarrollo de la Comunidad bonaerense, Andr\u00e9s Larroque.<\/p>\n<p>La etapa local se disputar\u00e1 del 5 de mayo al 30 de junio, y posteriormente se realizar\u00e1 la etapa regional, que ir\u00e1 del 1\u00b0 de julio al 31 de agosto. Luego tendr\u00e1 lugar la nueva instancia interregional, del 1\u00b0 al 20 de septiembre, y finalmente los ganadores viajar\u00e1n hacia Mar del Plata.<\/p>\n<p><a href=\"https:\/\/diariodelujan.com\/xdeporte\/wp-content\/uploads\/2024\/04\/Juegos-Bonaerenses-2024.webp\"><img loading=\"lazy\" decoding=\"async\" class=\"alignnone size-full wp-image-8801\" src=\"https:\/\/diariodelujan.com\/xdeporte\/wp-content\/uploads\/2024\/04\/Juegos-Bonaerenses-2024.webp\" alt=\"Juegos Bonaerenses \" width=\"800\" height=\"533\" title=\"\" srcset=\"https:\/\/diariodelujan.com\/xdeporte\/wp-content\/uploads\/2024\/04\/Juegos-Bonaerenses-2024.webp 800w, https:\/\/diariodelujan.com\/xdeporte\/wp-content\/uploads\/2024\/04\/Juegos-Bonaerenses-2024-300x200.webp 300w, https:\/\/diariodelujan.com\/xdeporte\/wp-content\/uploads\/2024\/04\/Juegos-Bonaerenses-2024-768x512.webp 768w, https:\/\/diariodelujan.com\/xdeporte\/wp-content\/uploads\/2024\/04\/Juegos-Bonaerenses-2024-630x420.webp 630w, https:\/\/diariodelujan.com\/xdeporte\/wp-content\/uploads\/2024\/04\/Juegos-Bonaerenses-2024-696x464.webp 696w\" sizes=\"auto, (max-width: 800px) 100vw, 800px\" \/><\/a><\/p>\n<p>Las inscripciones estar\u00e1n abiertas hasta el pr\u00f3ximo s\u00e1bado 4 de mayo, y se realizan a trav\u00e9s de la <a href=\"https:\/\/plenus.juegos.gba.gob.ar\" target=\"_blank\" rel=\"noopener\">p\u00e1gina web.<\/a><\/p>\n<p>Por dudas o consultas, se encuentran disponibles los siguientes medios de contacto:<\/p>\n<p>-Deportes: correo electr\u00f3nico <a href=\"deportelujan@yahoo.com\">deportelujan@yahoo.com<\/a>; tel\u00e9fono 420695 o presencialmente en el Polideportivo Municipal (Avellaneda 1325) de lunes a viernes de 08:00 a 20:00 horas.<\/p>\n<p>-Cultura: correo electr\u00f3nico<a href=\"mailto:culturasjuegos2023@gmail.com\"> culturasjuegos2023@gmail.com<\/a> o al tel\u00e9fono 011 &#8211; 6161-6700<\/p>\n<p>-Adultos Mayores: correo electr\u00f3nico <a href=\"subdireccionterceraedadlujan@gmail.com\">subdireccionterceraedadlujan@gmail.com<\/a>; tel\u00e9fono 422189.<\/p>\n","protected":false},"excerpt":{"rendered":"<p>Se encuentra abierta la inscripci\u00f3n para participar de la 33\u00b0 edici\u00f3n de los Juegos Bonaerenses.<\/p>\n","protected":false},"author":4,"featured_media":8463,"comment_status":"closed","ping_status":"closed","sticky":false,"template":"","format":"standard","meta":{"tdm_status":"","tdm_grid_status":"","footnotes":""},"categories":[17],"tags":[96,97,41,51,22],"class_list":{"0":"post-8799","1":"post","2":"type-post","3":"status-publish","4":"format-standard","5":"has-post-thumbnail","7":"category-deportes","8":"tag-bonaerense","9":"tag-deportivos","10":"tag-juegos","11":"tag-municipal","12":"tag-promocion"},"_links":{"self":[{"href":"https:\/\/diariodelujan.com\/xdeporte\/wp-json\/wp\/v2\/posts\/8799","targetHints":{"allow":["GET"]}}],"collection":[{"href":"https:\/\/diariodelujan.com\/xdeporte\/wp-json\/wp\/v2\/posts"}],"about":[{"href":"https:\/\/diariodelujan.com\/xdeporte\/wp-json\/wp\/v2\/types\/post"}],"author":[{"embeddable":true,"href":"https:\/\/diariodelujan.com\/xdeporte\/wp-json\/wp\/v2\/users\/4"}],"replies":[{"embeddable":true,"href":"https:\/\/diariodelujan.com\/xdeporte\/wp-json\/wp\/v2\/comments?post=8799"}],"version-history":[{"count":1,"href":"https:\/\/diariodelujan.com\/xdeporte\/wp-json\/wp\/v2\/posts\/8799\/revisions"}],"predecessor-version":[{"id":13659,"href":"https:\/\/diariodelujan.com\/xdeporte\/wp-json\/wp\/v2\/posts\/8799\/revisions\/13659"}],"wp:featuredmedia":[{"embeddable":true,"href":"https:\/\/diariodelujan.com\/xdeporte\/wp-json\/wp\/v2\/media\/8463"}],"wp:attachment":[{"href":"https:\/\/diariodelujan.com\/xdeporte\/wp-json\/wp\/v2\/media?parent=8799"}],"wp:term":[{"taxonomy":"category","embeddable":true,"href":"https:\/\/diariodelujan.com\/xdeporte\/wp-json\/wp\/v2\/categories?post=8799"},{"taxonomy":"post_tag","embeddable":true,"href":"https:\/\/diariodelujan.com\/xdeporte\/wp-json\/wp\/v2\/tags?post=8799"}],"curies":[{"name":"wp","href":"https:\/\/api.w.org\/{rel}","templated":true}]}}