{"id":8871,"date":"2024-04-05T22:17:30","date_gmt":"2024-04-06T01:17:30","guid":{"rendered":"https:\/\/www.diariodelujan.com\/?p=8871"},"modified":"2024-04-05T22:17:30","modified_gmt":"2024-04-06T01:17:30","slug":"flandria-visita-a-los-andes-por-la-11-fecha","status":"publish","type":"post","link":"https:\/\/diariodelujan.com\/xdeporte\/flandria-visita-a-los-andes-por-la-11-fecha\/","title":{"rendered":"Flandria visita a Los Andes por la 11\u00b0 fecha"},"content":{"rendered":"<p><span style=\"font-family: georgia, palatino, serif; font-size: 14pt;\"><em>Flandria se mide ante Los Andes en el estadio Eduardo Gallard\u00f3n este s\u00e1bado a las 15:30. El partido ser\u00e1 supervisado por Gonzalo Pereira.<\/em><\/span><!--more--><\/p>\n<p>[dropcap]L[\/dropcap]os equipos llegan a esta jornada con la esperanza de dejar atr\u00e1s sus resultados adversos en los \u00faltimos partidos del torneo y buscar\u00e1n su chance de sumar de a tres.<\/p>\n<article class=\"article-body article-body--third-paragraph content-protected-false\"><a href=\"https:\/\/losandesoficial.com\/\" target=\"_blank\" rel=\"noopener\">Los Andes<\/a> recibi\u00f3 un duro golpe y cay\u00f3 0 a 2 ante su rival Villa San Carlos. En los \u00faltimos encuentros del torneo, sum\u00f3 3 partidos ganados y 1 empatado. Ha recibido 2 goles y registr\u00f3 3 a favor.<\/article>\n<article><\/article>\n<article class=\"article-body article-body--fourth-paragraph content-protected-false\">A su vez, <a href=\"https:\/\/clubflandria.com.ar\/\" target=\"_blank\" rel=\"noopener\">Flandria<\/a> cay\u00f3 derrotado 1 a 2 ante Ca\u00f1uelas. La visita no est\u00e1 tan enfocada en las recientes jornadas: cay\u00f3 derrotada 2 veces, igual\u00f3 en 1 y gan\u00f3 1. Ha marcado 3 goles y recibi\u00f3 6.<\/article>\n<article><\/article>\n<article class=\"article-body article-body--remaining-paragraph content-protected-false\">El historial indica un marcador con 1 victoria para el equipo local, 1 para el visitante y un total de 3 empates entre ambos en el campeonato. El \u00faltimo partido que jugaron en esta competencia fue el 12 de octubre, en Clausura del torneo Argentina &#8211; Primera B Temporada 2021, y termin\u00f3 en empate a 0.<\/article>\n<article class=\"article-body article-body--remaining-paragraph content-protected-false\">Gonzalo Pereira es el \u00e1rbitro designado para controlar el partido.<\/article>\n","protected":false},"excerpt":{"rendered":"<p>Flandria se mide ante Los Andes en el estadio Eduardo Gallard\u00f3n este s\u00e1bado a las 15:30. El partido ser\u00e1 supervisado por Gonzalo Pereira.<\/p>\n","protected":false},"author":4,"featured_media":8877,"comment_status":"closed","ping_status":"closed","sticky":false,"template":"","format":"standard","meta":{"tdm_status":"","tdm_grid_status":"","footnotes":""},"categories":[8],"tags":[172,173,214],"class_list":{"0":"post-8871","1":"post","2":"type-post","3":"status-publish","4":"format-standard","5":"has-post-thumbnail","7":"category-futbol","8":"tag-flandria","9":"tag-futbol","10":"tag-los-andes"},"_links":{"self":[{"href":"https:\/\/diariodelujan.com\/xdeporte\/wp-json\/wp\/v2\/posts\/8871","targetHints":{"allow":["GET"]}}],"collection":[{"href":"https:\/\/diariodelujan.com\/xdeporte\/wp-json\/wp\/v2\/posts"}],"about":[{"href":"https:\/\/diariodelujan.com\/xdeporte\/wp-json\/wp\/v2\/types\/post"}],"author":[{"embeddable":true,"href":"https:\/\/diariodelujan.com\/xdeporte\/wp-json\/wp\/v2\/users\/4"}],"replies":[{"embeddable":true,"href":"https:\/\/diariodelujan.com\/xdeporte\/wp-json\/wp\/v2\/comments?post=8871"}],"version-history":[{"count":0,"href":"https:\/\/diariodelujan.com\/xdeporte\/wp-json\/wp\/v2\/posts\/8871\/revisions"}],"wp:featuredmedia":[{"embeddable":true,"href":"https:\/\/diariodelujan.com\/xdeporte\/wp-json\/wp\/v2\/media\/8877"}],"wp:attachment":[{"href":"https:\/\/diariodelujan.com\/xdeporte\/wp-json\/wp\/v2\/media?parent=8871"}],"wp:term":[{"taxonomy":"category","embeddable":true,"href":"https:\/\/diariodelujan.com\/xdeporte\/wp-json\/wp\/v2\/categories?post=8871"},{"taxonomy":"post_tag","embeddable":true,"href":"https:\/\/diariodelujan.com\/xdeporte\/wp-json\/wp\/v2\/tags?post=8871"}],"curies":[{"name":"wp","href":"https:\/\/api.w.org\/{rel}","templated":true}]}}