{"id":8930,"date":"2024-04-06T18:16:30","date_gmt":"2024-04-06T21:16:30","guid":{"rendered":"https:\/\/www.diariodelujan.com\/?p=8930"},"modified":"2024-04-06T18:16:30","modified_gmt":"2024-04-06T21:16:30","slug":"dura-derrota-de-flandria-ante-los-andes","status":"publish","type":"post","link":"https:\/\/diariodelujan.com\/xdeporte\/dura-derrota-de-flandria-ante-los-andes\/","title":{"rendered":"Dura derrota de Flandria ante Los Andes"},"content":{"rendered":"<p><span style=\"font-family: georgia, palatino, serif; font-size: 14pt;\"><em>En el marco de la fecha 11, Flandria sufri\u00f3 una dura derrota 3 a 1 ante Los Andes, como visitante. La pr\u00f3xima cita del Canario ser\u00e1 con Midland.<\/em><\/span><\/p>\n<p><!--more--><\/p>\n<p><img loading=\"lazy\" decoding=\"async\" class=\"size-full wp-image-8935 aligncenter\" src=\"https:\/\/diariodelujan.com\/xdeporte\/wp-content\/uploads\/2024\/04\/los-andes-flandria1.webp\" alt=\"\" width=\"800\" height=\"533\" title=\"\" srcset=\"https:\/\/diariodelujan.com\/xdeporte\/wp-content\/uploads\/2024\/04\/los-andes-flandria1.webp 800w, https:\/\/diariodelujan.com\/xdeporte\/wp-content\/uploads\/2024\/04\/los-andes-flandria1-300x200.webp 300w, https:\/\/diariodelujan.com\/xdeporte\/wp-content\/uploads\/2024\/04\/los-andes-flandria1-768x512.webp 768w, https:\/\/diariodelujan.com\/xdeporte\/wp-content\/uploads\/2024\/04\/los-andes-flandria1-630x420.webp 630w, https:\/\/diariodelujan.com\/xdeporte\/wp-content\/uploads\/2024\/04\/los-andes-flandria1-696x464.webp 696w\" sizes=\"auto, (max-width: 800px) 100vw, 800px\" \/><\/p>\n<p>[dropcap]F[\/dropcap]landria ven\u00eda arrastrando una racha de 4 partidos sin ganar (3 perdidos y 1 empatado) y esta tarde se enfrent\u00f3 ente uno de los l\u00edderes del torneo, Los Andes, para intentar revertir su situaci\u00f3n.<\/p>\n<p>El partido parec\u00eda parejo en los primeros minutos, sin embargo, el local se hizo fuerte con un gol de Kestler que apareci\u00f3 detr\u00e1s de los centrales del Canario y los tom\u00f3 desprevenidos.<\/p>\n<p>A los 30 de juego, un centro de Cabrera al \u00e1rea chica de Los Andes fue interceptado por Cardozo que rozo la pelota con el pecho y marc\u00f3 el empate.<\/p>\n<p>No obstante, el due\u00f1o de casa le ahog\u00f3 las alegr\u00edas al Canario en tan solo 10 minutos. Libre de toda marca y a unos metros de la medialuna, Leonardo L\u00f3pez meti\u00f3 un zapatazo que primero peg\u00f3 en el palo y luego entro en el arco resguardado por D\u00edaz.<\/p>\n<p>Cinco minutos m\u00e1s tarde, en una pelota parada, L\u00f3pez volvi\u00f3 a aparecer en una jugada preparada que sorprendi\u00f3 a la visita y aument\u00f3 la ventaja para el anfitri\u00f3n.<\/p>\n<p>En la segunda mitad, Flandria sali\u00f3 encendido a buscar el empate y tuvo m\u00faltiples jugadas claras que no pudo concretar en goles. A su vez, Los Andes no se confi\u00f3 y aprovech\u00f3 los avances del Canario para contraatacar, pero no fue fino en las definiciones y el resultado no se alter\u00f3.<\/p>\n<p>La pr\u00f3xima cita del Canario ser\u00e1 ante Midland, como local, en la fecha 12.<\/p>\n","protected":false},"excerpt":{"rendered":"<p>En el marco de la fecha 11, Flandria sufri\u00f3 una dura derrota 3 a 1 ante Los Andes, como visitante. La pr\u00f3xima cita del Canario ser\u00e1 con Midland.<\/p>\n","protected":false},"author":4,"featured_media":8935,"comment_status":"closed","ping_status":"closed","sticky":false,"template":"","format":"standard","meta":{"tdm_status":"","tdm_grid_status":"","footnotes":""},"categories":[8],"tags":[172,173,214,215,22],"class_list":{"0":"post-8930","1":"post","2":"type-post","3":"status-publish","4":"format-standard","5":"has-post-thumbnail","7":"category-futbol","8":"tag-flandria","9":"tag-futbol","10":"tag-los-andes","11":"tag-primera-b-me","12":"tag-promocion"},"_links":{"self":[{"href":"https:\/\/diariodelujan.com\/xdeporte\/wp-json\/wp\/v2\/posts\/8930","targetHints":{"allow":["GET"]}}],"collection":[{"href":"https:\/\/diariodelujan.com\/xdeporte\/wp-json\/wp\/v2\/posts"}],"about":[{"href":"https:\/\/diariodelujan.com\/xdeporte\/wp-json\/wp\/v2\/types\/post"}],"author":[{"embeddable":true,"href":"https:\/\/diariodelujan.com\/xdeporte\/wp-json\/wp\/v2\/users\/4"}],"replies":[{"embeddable":true,"href":"https:\/\/diariodelujan.com\/xdeporte\/wp-json\/wp\/v2\/comments?post=8930"}],"version-history":[{"count":0,"href":"https:\/\/diariodelujan.com\/xdeporte\/wp-json\/wp\/v2\/posts\/8930\/revisions"}],"wp:featuredmedia":[{"embeddable":true,"href":"https:\/\/diariodelujan.com\/xdeporte\/wp-json\/wp\/v2\/media\/8935"}],"wp:attachment":[{"href":"https:\/\/diariodelujan.com\/xdeporte\/wp-json\/wp\/v2\/media?parent=8930"}],"wp:term":[{"taxonomy":"category","embeddable":true,"href":"https:\/\/diariodelujan.com\/xdeporte\/wp-json\/wp\/v2\/categories?post=8930"},{"taxonomy":"post_tag","embeddable":true,"href":"https:\/\/diariodelujan.com\/xdeporte\/wp-json\/wp\/v2\/tags?post=8930"}],"curies":[{"name":"wp","href":"https:\/\/api.w.org\/{rel}","templated":true}]}}