{"id":8959,"date":"2024-04-06T22:34:51","date_gmt":"2024-04-07T01:34:51","guid":{"rendered":"https:\/\/www.diariodelujan.com\/?p=8959"},"modified":"2024-04-06T22:34:51","modified_gmt":"2024-04-07T01:34:51","slug":"lujan-no-pudo-contra-mercedes-en-su-primer-enfrentamiento","status":"publish","type":"post","link":"https:\/\/diariodelujan.com\/xdeporte\/lujan-no-pudo-contra-mercedes-en-su-primer-enfrentamiento\/","title":{"rendered":"Luj\u00e1n no pudo contra Mercedes en su primer enfrentamiento"},"content":{"rendered":"<p><span style=\"font-family: georgia, palatino, serif; font-size: 14pt;\"><em>En la noche del s\u00e1bado, Luj\u00e1n perdi\u00f3 ante Mercedes por 2 a 1, en lo que fue su primer enfrentamiento en la Primera C. El pr\u00f3ximo mi\u00e9rcoles, el Lujanero recibir\u00e1 a Central C\u00f3rdoba de Rosario en el 1\u00b0 de Abril.<\/em><\/span><\/p>\n<p><!--more--><\/p>\n<p>[dropcap]L[\/dropcap]uego del triunfo ante Mu\u00f1iz por 2 a 0, Luj\u00e1n buscaba cosechar otra victoria ante Club Mercedes, pero los mercedinos golpearon r\u00e1pido y los lujanenses no estuvieron a la altura.<\/p>\n<p>En los primeros 45 minutos el encuentro present\u00f3 muchas situaciones por el lado del local. Y a pocos minutos del arranque iba a llegar el primero.<\/p>\n<p>En una corrida por la banda derecha, Franco Gatti meti\u00f3 un centro para que el ex-Luj\u00e1n, Santiago Auteri, de primera abriese el marcador.<\/p>\n<p>El Lujanero no reaccion\u00f3 al gol y el due\u00f1o de casa volvi\u00f3 a atacar y volvi\u00f3 a convertir. Esta vez, luego de una serie de rebotes en el \u00e1rea chica de Vali\u00f1as, fue Gatti quien empuj\u00f3 la esf\u00e9rica adentro y puso el segundo a favor de Mercedes.<\/p>\n<p>Luj\u00e1n tuvo la chance de descontar antes del entretiempo, a trav\u00e9s de Chimino, pero Caputo le ahog\u00f3 el grito y mantuvo su arco en cero.<\/p>\n<p>Al inicio del segundo tiempo Luj\u00e1n tuvo un poco m\u00e1s la posesi\u00f3n de la pelota, pero a pesar del peligro generado no lograba convertir.<\/p>\n<p>El partido se fren\u00f3 un poco, ya que a pesar de las llegadas de ambos, ninguno mostraba claridad en la definici\u00f3n. Hasta que, con la expulsi\u00f3n por doble amarilla de Auteri, Luj\u00e1n quedar\u00eda con uno m\u00e1s por el resto del partido.<\/p>\n<p>A poco del final, el Lujanero pudo obtener el descuento que buscaba, por medio de Dinocco, que le peg\u00f3 cruzado al palo derecho de Caputo.<\/p>\n<p>Sin tiempo para m\u00e1s, el primer cruce entre Mercedes y Luj\u00e1n se lo quedaron los mercedinos. En el pr\u00f3ximo mi\u00e9rcoles, el Lujanero recibir\u00e1 a Central C\u00f3rdoba de Rosario, en el estadio 1\u00b0 de Abril.<\/p>\n","protected":false},"excerpt":{"rendered":"<p>En la noche del s\u00e1bado, Luj\u00e1n perdi\u00f3 ante Mercedes por 2 a 1, en lo que fue su primer enfrentamiento en la Primera C. El pr\u00f3ximo mi\u00e9rcoles, el Lujanero recibir\u00e1 a Central C\u00f3rdoba de Rosario en el 1\u00b0 de Abril.<\/p>\n","protected":false},"author":4,"featured_media":8963,"comment_status":"closed","ping_status":"closed","sticky":false,"template":"","format":"standard","meta":{"tdm_status":"","tdm_grid_status":"","footnotes":""},"categories":[8],"tags":[173,117,140,130,22],"class_list":{"0":"post-8959","1":"post","2":"type-post","3":"status-publish","4":"format-standard","5":"has-post-thumbnail","7":"category-futbol","8":"tag-futbol","9":"tag-lujan","10":"tag-mercedes","11":"tag-primera-c","12":"tag-promocion"},"_links":{"self":[{"href":"https:\/\/diariodelujan.com\/xdeporte\/wp-json\/wp\/v2\/posts\/8959","targetHints":{"allow":["GET"]}}],"collection":[{"href":"https:\/\/diariodelujan.com\/xdeporte\/wp-json\/wp\/v2\/posts"}],"about":[{"href":"https:\/\/diariodelujan.com\/xdeporte\/wp-json\/wp\/v2\/types\/post"}],"author":[{"embeddable":true,"href":"https:\/\/diariodelujan.com\/xdeporte\/wp-json\/wp\/v2\/users\/4"}],"replies":[{"embeddable":true,"href":"https:\/\/diariodelujan.com\/xdeporte\/wp-json\/wp\/v2\/comments?post=8959"}],"version-history":[{"count":0,"href":"https:\/\/diariodelujan.com\/xdeporte\/wp-json\/wp\/v2\/posts\/8959\/revisions"}],"wp:featuredmedia":[{"embeddable":true,"href":"https:\/\/diariodelujan.com\/xdeporte\/wp-json\/wp\/v2\/media\/8963"}],"wp:attachment":[{"href":"https:\/\/diariodelujan.com\/xdeporte\/wp-json\/wp\/v2\/media?parent=8959"}],"wp:term":[{"taxonomy":"category","embeddable":true,"href":"https:\/\/diariodelujan.com\/xdeporte\/wp-json\/wp\/v2\/categories?post=8959"},{"taxonomy":"post_tag","embeddable":true,"href":"https:\/\/diariodelujan.com\/xdeporte\/wp-json\/wp\/v2\/tags?post=8959"}],"curies":[{"name":"wp","href":"https:\/\/api.w.org\/{rel}","templated":true}]}}