{"id":9644,"date":"2024-04-21T20:26:36","date_gmt":"2024-04-21T23:26:36","guid":{"rendered":"https:\/\/www.diariodelujan.com\/?p=9644"},"modified":"2024-04-21T20:26:36","modified_gmt":"2024-04-21T23:26:36","slug":"lujan-le-gano-a-lugano-y-mantiene-la-racha-en-casa","status":"publish","type":"post","link":"https:\/\/diariodelujan.com\/xdeporte\/lujan-le-gano-a-lugano-y-mantiene-la-racha-en-casa\/","title":{"rendered":"Luj\u00e1n le gan\u00f3 a Lugano y mantiene la racha en casa"},"content":{"rendered":"<p><span style=\"font-family: georgia, palatino, serif; font-size: 14pt;\"><em>Este domingo, Luj\u00e1n super\u00f3 a Lugano por 2 a 1 y escal\u00f3 al sexto puesto de la tabla, consolidando su posici\u00f3n en la competencia.<\/em><\/span><\/p>\n<p><!--more--><\/p>\n<p>[dropcap]E[\/dropcap]n el encuentro correspondiente a la fecha 14 de la Primera C, el <a href=\"https:\/\/www.facebook.com\/www.clublujan.com.ar\" target=\"_blank\" rel=\"noopener\">Club Luj\u00e1n<\/a> logr\u00f3 una destacada victoria por 2-1 frente a Lugano en el Estadio 1\u00b0 de Abril.<\/p>\n<p>Desde el inicio del partido, ambos equipos mostraron un juego intenso y disputado.\u00a0<span class=\"\" data-type=\"2\" data-index=\"1\" data-gid=\"4\">Los primeros minutos transcurrieron con intentos de ambas partes, aunque carec\u00edan de precisi\u00f3n en los \u00faltimos metros.<\/span> No obstante, fue Luj\u00e1n quien logr\u00f3 abrir el marcador a los 23 minutos del primer tiempo, gracias a una excelente jugada colectiva que culmin\u00f3 con un gol de Tarr\u00edo.<\/p>\n<p>A pesar del gol tempranero de Luj\u00e1n, Lugano no se rindi\u00f3 y continu\u00f3 presionando en busca del empate. Su esfuerzo se vio recompensado en el segundo tiempo, cuando Rolando Gonz\u00e1lez L\u00f3pez igual\u00f3 el marcador con un potente disparo que venci\u00f3 al arquero del Lujanero.<\/p>\n<p>El gol de Lugano no desanim\u00f3 al local, que sigui\u00f3 luchando por el triunfo. <span class=\"\" data-type=\"2\" data-index=\"3\" data-gid=\"5\">A los 30 minutos del segundo tiempo, Cristian Chimino convirti\u00f3 un penal y puso a Luj\u00e1n nuevamente en ventaja.<\/span><\/p>\n<p>M\u00e1s tarde, el partido se vio en marcado por un momento pol\u00e9mico, cuando una jugada en <span data-type=\"0\" data-index=\"5\" data-gid=\"0\">la<\/span>\u00a0<span data-type=\"1\" data-index=\"7\" data-gid=\"3\">que<\/span>\u00a0<span data-type=\"0\" data-index=\"9\" data-gid=\"1\">un remate en el \u00e1rea de Luj\u00e1n dio claramente en el brazo de Chimino,<\/span>\u00a0sin embargo,\u00a0<span data-type=\"0\" data-index=\"11\" data-gid=\"2\">el \u00e1rbitro no sancion\u00f3<\/span> penal. Luego de esto, el Lujanero tuvo la chance de aumentar la diferencia, pero la pelotazo de Ledesma dio en el palo.<\/p>\n<p><span class=\"\" data-type=\"2\" data-index=\"13\" data-gid=\"6\">El encuentro culmin\u00f3 con la alegr\u00eda de los hinchas de Luj\u00e1n, que celebraron una importante victoria que les permite escalar al sexto puesto de la tabla.<\/span> Con este resultado, el equipo se posiciona como un rival a tener en cuenta en lo que resta del torneo de la Primera C.<\/p>\n","protected":false},"excerpt":{"rendered":"<p>Este domingo, Luj\u00e1n super\u00f3 a Lugano por 2 a 1 y escal\u00f3 al sexto puesto de la tabla, consolidando su posici\u00f3n en la competencia.<\/p>\n","protected":false},"author":4,"featured_media":9656,"comment_status":"closed","ping_status":"closed","sticky":false,"template":"","format":"standard","meta":{"tdm_status":"","tdm_grid_status":"","footnotes":""},"categories":[8],"tags":[173,220,117,130,22],"class_list":{"0":"post-9644","1":"post","2":"type-post","3":"status-publish","4":"format-standard","5":"has-post-thumbnail","7":"category-futbol","8":"tag-futbol","9":"tag-lugano","10":"tag-lujan","11":"tag-primera-c","12":"tag-promocion"},"_links":{"self":[{"href":"https:\/\/diariodelujan.com\/xdeporte\/wp-json\/wp\/v2\/posts\/9644","targetHints":{"allow":["GET"]}}],"collection":[{"href":"https:\/\/diariodelujan.com\/xdeporte\/wp-json\/wp\/v2\/posts"}],"about":[{"href":"https:\/\/diariodelujan.com\/xdeporte\/wp-json\/wp\/v2\/types\/post"}],"author":[{"embeddable":true,"href":"https:\/\/diariodelujan.com\/xdeporte\/wp-json\/wp\/v2\/users\/4"}],"replies":[{"embeddable":true,"href":"https:\/\/diariodelujan.com\/xdeporte\/wp-json\/wp\/v2\/comments?post=9644"}],"version-history":[{"count":0,"href":"https:\/\/diariodelujan.com\/xdeporte\/wp-json\/wp\/v2\/posts\/9644\/revisions"}],"wp:featuredmedia":[{"embeddable":true,"href":"https:\/\/diariodelujan.com\/xdeporte\/wp-json\/wp\/v2\/media\/9656"}],"wp:attachment":[{"href":"https:\/\/diariodelujan.com\/xdeporte\/wp-json\/wp\/v2\/media?parent=9644"}],"wp:term":[{"taxonomy":"category","embeddable":true,"href":"https:\/\/diariodelujan.com\/xdeporte\/wp-json\/wp\/v2\/categories?post=9644"},{"taxonomy":"post_tag","embeddable":true,"href":"https:\/\/diariodelujan.com\/xdeporte\/wp-json\/wp\/v2\/tags?post=9644"}],"curies":[{"name":"wp","href":"https:\/\/api.w.org\/{rel}","templated":true}]}}