{"id":9655,"date":"2024-04-21T22:02:07","date_gmt":"2024-04-22T01:02:07","guid":{"rendered":"https:\/\/www.diariodelujan.com\/?p=9655"},"modified":"2024-04-21T22:02:07","modified_gmt":"2024-04-22T01:02:07","slug":"flandria-se-impuso-a-fenix","status":"publish","type":"post","link":"https:\/\/diariodelujan.com\/xdeporte\/flandria-se-impuso-a-fenix\/","title":{"rendered":"Flandria se impuso a F\u00e9nix por 2 a 1"},"content":{"rendered":"<p><span style=\"font-family: georgia, palatino, serif; font-size: 14pt;\"><em>En una jornada cargada de adrenalina por la 13\u00b0 fecha de la Primera B, Flandria logr\u00f3 una destacada victoria frente a F\u00e9nix por 2 a 1.<\/em><\/span><!--more--><\/p>\n<p>[dropcap]E[\/dropcap]l encuentro, que se llev\u00f3 a cabo en cancha de Juventud Unida, dej\u00f3 a los espectadores al borde de sus asientos con un marcador final de 2 a 1 a favor del equipo visitante.<\/p>\n<h3><strong>Flandria lleg\u00f3 entonado<\/strong><\/h3>\n<p>Despu\u00e9s de una racha adversa de varios partidos sin saborear la victoria, en los cuales Flandria hab\u00eda sufrido cuatro derrotas y un empate, el equipo llegaba a la fecha 12 con la necesidad de sumar de a tres.<br \/>\nEn ese encuentro, los de J\u00e1uregui no defraudaron, Mat\u00edas L\u00f3pez y Cristian Cuenca anotaron los goles que le dieron a Flandria el impulso necesario para cortar esa racha negativa.<\/p>\n<p>Con la mira puesta en reencontrarse con el \u00e9xito fuera de casa, el equipo se enfrentaba a un F\u00e9nix decidido, que ven\u00eda de una victoria frente a Villa San Carlos y ocupaba una posici\u00f3n ligeramente superior en la tabla de posiciones.<\/p>\n<p>El partido, que se disput\u00f3 el domingo a las 11:00 bajo la atenta mirada del \u00e1rbitro Mariano Negrete, estuvo lleno de emociones desde el inicio. El t\u00e9cnico Walter D\u00edaz apost\u00f3 por mantener el mismo equipo que hab\u00eda vencido en su \u00faltimo encuentro, demostrando confianza en su plantilla.<\/p>\n<p>A los 16\u00b4del primer tiempo se abri\u00f3 el marcador del encuentro, con un cabezazo certero de Juan Cabrera tras un tiro de esquina. Y para aumentar la emoci\u00f3n, a los 38 minutos, Mariano Sagristani ampli\u00f3 la ventaja con un potente disparo que dej\u00f3 al arquero local sin opciones.<\/p>\n<p>A pesar de los esfuerzos de F\u00e9nix por recortar la diferencia, Flandria supo mantenerse firme en defensa. Sin embargo, en el inicio del complemento, el equipo local logr\u00f3 descontar gracias a un gol de Santiago De Ossa, lo que encendi\u00f3 las alarmas en el campo de juego.<\/p>\n<p>El resto del encuentro estuvo marcado por la intensidad y la emoci\u00f3n, con F\u00e9nix buscando desesperadamente el empate y Flandria defendiendo con u\u00f1as y dientes su ventaja. A pesar de los intentos del equipo local, Flandria se aferr\u00f3 al triunfo con determinaci\u00f3n, asegurando as\u00ed su segunda victoria consecutiva y consolid\u00e1ndose nuevamente en la pelea por los primeros puestos.<\/p>\n<p>En la pr\u00f3xima fecha el canario recibir\u00e1 en el Estadio Carlos V a Argentino de Quilmes, uno de los punteros del torneo.<\/p>\n","protected":false},"excerpt":{"rendered":"<p>En una jornada cargada de adrenalina por la 13\u00b0 fecha de la Primera B, Flandria logr\u00f3 una destacada victoria frente a F\u00e9nix por 2 a 1.<\/p>\n","protected":false},"author":4,"featured_media":9657,"comment_status":"closed","ping_status":"closed","sticky":false,"template":"","format":"standard","meta":{"tdm_status":"","tdm_grid_status":"","footnotes":""},"categories":[8],"tags":[221,172,173,198,22],"class_list":{"0":"post-9655","1":"post","2":"type-post","3":"status-publish","4":"format-standard","5":"has-post-thumbnail","7":"category-futbol","8":"tag-fenix","9":"tag-flandria","10":"tag-futbol","11":"tag-primera-b","12":"tag-promocion"},"_links":{"self":[{"href":"https:\/\/diariodelujan.com\/xdeporte\/wp-json\/wp\/v2\/posts\/9655","targetHints":{"allow":["GET"]}}],"collection":[{"href":"https:\/\/diariodelujan.com\/xdeporte\/wp-json\/wp\/v2\/posts"}],"about":[{"href":"https:\/\/diariodelujan.com\/xdeporte\/wp-json\/wp\/v2\/types\/post"}],"author":[{"embeddable":true,"href":"https:\/\/diariodelujan.com\/xdeporte\/wp-json\/wp\/v2\/users\/4"}],"replies":[{"embeddable":true,"href":"https:\/\/diariodelujan.com\/xdeporte\/wp-json\/wp\/v2\/comments?post=9655"}],"version-history":[{"count":0,"href":"https:\/\/diariodelujan.com\/xdeporte\/wp-json\/wp\/v2\/posts\/9655\/revisions"}],"wp:featuredmedia":[{"embeddable":true,"href":"https:\/\/diariodelujan.com\/xdeporte\/wp-json\/wp\/v2\/media\/9657"}],"wp:attachment":[{"href":"https:\/\/diariodelujan.com\/xdeporte\/wp-json\/wp\/v2\/media?parent=9655"}],"wp:term":[{"taxonomy":"category","embeddable":true,"href":"https:\/\/diariodelujan.com\/xdeporte\/wp-json\/wp\/v2\/categories?post=9655"},{"taxonomy":"post_tag","embeddable":true,"href":"https:\/\/diariodelujan.com\/xdeporte\/wp-json\/wp\/v2\/tags?post=9655"}],"curies":[{"name":"wp","href":"https:\/\/api.w.org\/{rel}","templated":true}]}}