{"id":9895,"date":"2024-04-25T09:46:44","date_gmt":"2024-04-25T12:46:44","guid":{"rendered":"https:\/\/www.diariodelujan.com\/?p=9895"},"modified":"2024-07-23T02:28:06","modified_gmt":"2024-07-23T05:28:06","slug":"87-doble-bragado","status":"publish","type":"post","link":"https:\/\/diariodelujan.com\/xdeporte\/87-doble-bragado\/","title":{"rendered":"Ya est\u00e1 en marcha la 87\u00b0 Doble Bragado"},"content":{"rendered":"<p><span style=\"font-family: georgia, palatino, serif; font-size: 14pt;\"><em>Entre el 25 y 28 de abril se vive la 87\u00b0 edici\u00f3n de la tradicional carrera de ciclismo \u201cDoble Bragado\u201d. Esta edici\u00f3n acotada finaliza en Chivilcoy.<\/em><\/span><!--more--><\/p>\n<p>[dropcap]L[\/dropcap]a acci\u00f3n sobre ruedas vuelve con la 87\u00b0 Doble Bragado que se llevar\u00e1 adelante entre hoy jueves 25 y domingo 28 de abril con la organizaci\u00f3n del <a href=\"https:\/\/biciclub.com\/tag\/club-ciclista-nacion\/\" target=\"_blank\" rel=\"noopener\">Club Ciclista Naci\u00f3n<\/a>.<br \/>\n<a href=\"https:\/\/diariodelujan.com\/xdeporte\/wp-content\/uploads\/2024\/04\/Ciclismo-Doble-Bragado-3.webp\"><img loading=\"lazy\" decoding=\"async\" class=\"alignnone size-full wp-image-9905\" src=\"https:\/\/diariodelujan.com\/xdeporte\/wp-content\/uploads\/2024\/04\/Ciclismo-Doble-Bragado-3.webp\" alt=\"87\u00b0 Doble Bragado\" width=\"650\" height=\"910\" title=\"\" srcset=\"https:\/\/diariodelujan.com\/xdeporte\/wp-content\/uploads\/2024\/04\/Ciclismo-Doble-Bragado-3.webp 650w, https:\/\/diariodelujan.com\/xdeporte\/wp-content\/uploads\/2024\/04\/Ciclismo-Doble-Bragado-3-214x300.webp 214w, https:\/\/diariodelujan.com\/xdeporte\/wp-content\/uploads\/2024\/04\/Ciclismo-Doble-Bragado-3-300x420.webp 300w\" sizes=\"auto, (max-width: 650px) 100vw, 650px\" \/><\/a><\/p>\n<p>Una carrera que no pasar\u00e1 por Mercedes este a\u00f1o, llegando a peligrar en alg\u00fan momento su realizaci\u00f3n y tras confirmarse, hace unos pocos d\u00edas atr\u00e1s, se supo que tendr\u00e1 un total de cinco etapas, entre ruta, trazados callejeros y hasta una acotada CRI.<\/p>\n<p>En esta oportunidad, de acuerdo al cronograma oficial el evento comenzar\u00e1 en la ciudad de Bragado el d\u00eda jueves y culminar\u00e1 en la ciudad de Chivilcoy el d\u00eda domingo.<\/p>\n<h3><span style=\"font-size: 14pt;\"><strong> Doble Bragado 2024<\/strong><\/span><\/h3>\n<p><strong>El diagrama de la es el siguiente:<\/strong><\/p>\n<p>-D\u00eda 25: 1\u00b0 etapa: Bragado-Islas-Bragado (152 kil\u00f3metros). Largada: 14 horas.<\/p>\n<p>-D\u00eda 26: 2\u00b0 etapa: Bragado-Saladillo (114 kil\u00f3metros). Largada: 14 horas.<\/p>\n<p>-D\u00eda 27: 3\u00b0 etapa: Contrarreloj 7.5 kil\u00f3metros (a la ma\u00f1ana, largada 8:30 hs); 4\u00b0 etapa Circuito 24 vueltas 85 kil\u00f3metros (a la tarde, largada 14:30 hs).<\/p>\n<p>-D\u00eda 28: 5\u00b0 etapa: Circuito Chivilcoy 30 vueltas (103 kil\u00f3metros). Largada: 14 hs.<\/p>\n<p><a href=\"https:\/\/diariodelujan.com\/xdeporte\/wp-content\/uploads\/2024\/04\/Ciclismo-Doble-Bragado-1.webp\"><img loading=\"lazy\" decoding=\"async\" class=\"alignnone size-full wp-image-9903\" src=\"https:\/\/diariodelujan.com\/xdeporte\/wp-content\/uploads\/2024\/04\/Ciclismo-Doble-Bragado-1.webp\" alt=\" Doble Bragado\" width=\"800\" height=\"533\" title=\"\" srcset=\"https:\/\/diariodelujan.com\/xdeporte\/wp-content\/uploads\/2024\/04\/Ciclismo-Doble-Bragado-1.webp 800w, https:\/\/diariodelujan.com\/xdeporte\/wp-content\/uploads\/2024\/04\/Ciclismo-Doble-Bragado-1-300x200.webp 300w, https:\/\/diariodelujan.com\/xdeporte\/wp-content\/uploads\/2024\/04\/Ciclismo-Doble-Bragado-1-768x512.webp 768w, https:\/\/diariodelujan.com\/xdeporte\/wp-content\/uploads\/2024\/04\/Ciclismo-Doble-Bragado-1-630x420.webp 630w, https:\/\/diariodelujan.com\/xdeporte\/wp-content\/uploads\/2024\/04\/Ciclismo-Doble-Bragado-1-696x464.webp 696w\" sizes=\"auto, (max-width: 800px) 100vw, 800px\" \/><\/a><\/p>\n<p>&nbsp;<\/p>\n","protected":false},"excerpt":{"rendered":"<p>Entre el 25 y 28 de abril se vive la 87\u00b0 edici\u00f3n de la tradicional carrera de ciclismo \u201cDoble Bragado\u201d. Esta edici\u00f3n acotada finaliza en Chivilcoy.<\/p>\n","protected":false},"author":4,"featured_media":9904,"comment_status":"closed","ping_status":"closed","sticky":false,"template":"","format":"standard","meta":{"tdm_status":"","tdm_grid_status":"","footnotes":""},"categories":[7],"tags":[101,61,102,22],"class_list":{"0":"post-9895","1":"post","2":"type-post","3":"status-publish","4":"format-standard","5":"has-post-thumbnail","7":"category-ciclismo","8":"tag-cicloismo","9":"tag-deportes","10":"tag-docle-bragado","11":"tag-promocion"},"_links":{"self":[{"href":"https:\/\/diariodelujan.com\/xdeporte\/wp-json\/wp\/v2\/posts\/9895","targetHints":{"allow":["GET"]}}],"collection":[{"href":"https:\/\/diariodelujan.com\/xdeporte\/wp-json\/wp\/v2\/posts"}],"about":[{"href":"https:\/\/diariodelujan.com\/xdeporte\/wp-json\/wp\/v2\/types\/post"}],"author":[{"embeddable":true,"href":"https:\/\/diariodelujan.com\/xdeporte\/wp-json\/wp\/v2\/users\/4"}],"replies":[{"embeddable":true,"href":"https:\/\/diariodelujan.com\/xdeporte\/wp-json\/wp\/v2\/comments?post=9895"}],"version-history":[{"count":1,"href":"https:\/\/diariodelujan.com\/xdeporte\/wp-json\/wp\/v2\/posts\/9895\/revisions"}],"predecessor-version":[{"id":13623,"href":"https:\/\/diariodelujan.com\/xdeporte\/wp-json\/wp\/v2\/posts\/9895\/revisions\/13623"}],"wp:featuredmedia":[{"embeddable":true,"href":"https:\/\/diariodelujan.com\/xdeporte\/wp-json\/wp\/v2\/media\/9904"}],"wp:attachment":[{"href":"https:\/\/diariodelujan.com\/xdeporte\/wp-json\/wp\/v2\/media?parent=9895"}],"wp:term":[{"taxonomy":"category","embeddable":true,"href":"https:\/\/diariodelujan.com\/xdeporte\/wp-json\/wp\/v2\/categories?post=9895"},{"taxonomy":"post_tag","embeddable":true,"href":"https:\/\/diariodelujan.com\/xdeporte\/wp-json\/wp\/v2\/tags?post=9895"}],"curies":[{"name":"wp","href":"https:\/\/api.w.org\/{rel}","templated":true}]}}